{"id":3279,"date":"2021-08-02T20:23:43","date_gmt":"2021-08-02T20:23:43","guid":{"rendered":"https:\/\/avicom.mini.icom.museum\/?p=3279"},"modified":"2022-03-07T11:03:07","modified_gmt":"2022-03-07T11:03:07","slug":"icom-mpr-icom-avicom-und-icom-allemagne-obtiennent-le-financement-de-leur-projet-par-le-fonds-de-solidarite-de-licom","status":"publish","type":"post","link":"https:\/\/avicom.mini.icom.museum\/fr\/icom-mpr-icom-avicom-und-icom-allemagne-obtiennent-le-financement-de-leur-projet-par-le-fonds-de-solidarite-de-licom\/","title":{"rendered":"ICOM MPR, ICOM AVICOM et ICOM Allemagne obtiennent le financement de leur projet par le fonds de solidarit\u00e9 de l\u2019ICOM."},"content":{"rendered":"<p><a href=\"https:\/\/avicom.mini.icom.museum\/fr\/icom-mpr-icom-avicom-und-icom-allemagne-obtiennent-le-financement-de-leur-projet-par-le-fonds-de-solidarite-de-licom\/museumsverband-2\/\" rel=\"attachment wp-att-3276\"><img decoding=\"async\" loading=\"lazy\" class=\"alignnone size-medium wp-image-3276\" src=\"https:\/\/avicom.mini.icom.museum\/wp-content\/uploads\/sites\/3\/2021\/08\/museumsverband-300x202.jpg\" alt=\"\" width=\"300\" height=\"202\" srcset=\"https:\/\/avicom.mini.icom.museum\/wp-content\/uploads\/sites\/3\/2021\/08\/museumsverband-300x202.jpg 300w, https:\/\/avicom.mini.icom.museum\/wp-content\/uploads\/sites\/3\/2021\/08\/museumsverband-768x518.jpg 768w, https:\/\/avicom.mini.icom.museum\/wp-content\/uploads\/sites\/3\/2021\/08\/museumsverband.jpg 998w\" sizes=\"(max-width: 300px) 100vw, 300px\" \/><\/a><\/p>\n<p><strong>Cr\u00e9dit photo :<br \/>\n<\/strong><a href=\"https:\/\/www.museumsverband-mv.de\/digitale-angebote-unserer-museen\"><strong>https:\/\/www.museumsverband-mv.de\/digitale-angebote-unserer-museen<\/strong><\/a><\/p>\n<p>&nbsp;<\/p>\n<p><strong>ICOM MPR, ICOM AVICOM und ICOM Allemagne obtiennent le financement de leur projet par le fonds de solidarit\u00e9 de l\u2019ICOM.<\/strong><\/p>\n<p><strong>Gr\u00e2ce au soutien du fonds de solidarit\u00e9 de l\u2019ICOM cr\u00e9\u00e9 dans le contexte de la crise sanitaire, deux comit\u00e9s internationaux sp\u00e9cialis\u00e9s dans la pr\u00e9sence m\u00e9diatique et la communication strat\u00e9gique des mus\u00e9es sont d\u00e9sormais en mesure de r\u00e9aliser, en coop\u00e9ration avec ICOM Allemagne, leur vaste projet sur le th\u00e8me : <\/strong><\/p>\n<h3 style=\"text-align: center\">\u201c<strong>Le d\u00e9fi du COVID-19:<br \/>\nles mus\u00e9es et leur engagement num\u00e9rique<br \/>\nen temps de crise\u201d<\/strong><\/h3>\n<p><strong>Le but de cette entreprise commune consiste d\u2019une part, en concertation avec les principaux\/principales repr\u00e9sentant.e.s de mus\u00e9es \u00e0 l\u2019\u00e9chelle mondiale, \u00e0 faire le point syst\u00e9matique de leur pr\u00e9sence num\u00e9rique, au mieux de leur pr\u00e9sence hybride compl\u00e8te: visite virtuelle, visite in situ (ICOM MPR). D\u2019autre part, il s\u2019agit de formuler, \u00e0 l\u2019aide d\u2019exemples de bonnes pratiques, des recommandations concr\u00e8tes s\u2019adressant particuli\u00e8rement aux mus\u00e9es de petite et moyenne taille (ICOM AVICOM). Le comit\u00e9 national allemand d\u2018ICOM accompagne ce projet \u00e0 travers son grand r\u00e9seau de professionnels des mus\u00e9es.<\/strong><\/p>\n<p><strong>Il ne fait aucun doute que pour les mus\u00e9es \u00e9galement, la situation g\u00e9n\u00e9rale apr\u00e8s la crise due \u00e0 la pand\u00e9mie repr\u00e9sente un grand d\u00e9fi. Seul le moyen terme montrera l\u2019\u00e9volution future de l\u2019engouement d\u2019avant-crise pour le tourisme urbain dont la majorit\u00e9 des mus\u00e9es d\u00e9pendait plus ou moins. De m\u00eame, il s\u2018est av\u00e9r\u00e9 \u00e9vident qu\u2019une pr\u00e9sence num\u00e9rique \u00e9labor\u00e9e rev\u00eat une n\u00e9cessit\u00e9 absolue dans l\u2019orientation future de la communication strat\u00e9gique.<\/strong><\/p>\n<p><strong>Il sera int\u00e9ressant d\u2019apprendre quels sites travaillent d\u00e9j\u00e0 sur la base d\u2019une strat\u00e9gie hybride r\u00e9ellement compl\u00e8te et quelles exp\u00e9riences ont \u00e9t\u00e9 faites jusqu\u2019\u00e0 pr\u00e9sent dans le d\u00e9veloppement d\u2019une sc\u00e9nographie num\u00e9rique. Nos efforts doivent viser \u00e0 p\u00e9renniser durablement ces \u00e9volutions capitales. <\/strong><\/p>\n<p><strong>Les r\u00e9sultats de l\u2019\u00e9tude seront accessibles \u00e0 tous sur les sites internet des trois comit\u00e9s qui y participent.<\/strong><\/p>\n<p>Matthias Henkel (MPR), Michael H. Faber (AVICOM)<\/p>\n<p><strong>\u00a0<\/strong><\/p>\n<p>&nbsp;<\/p>\n","protected":false},"excerpt":{"rendered":"<p>Cr\u00e9dit photo : https:\/\/www.museumsverband-mv.de\/digitale-angebote-unserer-museen &nbsp; ICOM MPR, ICOM AVICOM und ICOM Allemagne obtiennent le financement de leur projet par le fonds de solidarit\u00e9 de l\u2019ICOM. Gr\u00e2ce au soutien du fonds de solidarit\u00e9 de l\u2019ICOM cr\u00e9\u00e9 dans le contexte de la crise sanitaire, deux comit\u00e9s internationaux sp\u00e9cialis\u00e9s dans la pr\u00e9sence m\u00e9diatique et la communication strat\u00e9gique des [&hellip;]<\/p>\n","protected":false},"author":20,"featured_media":0,"comment_status":"open","ping_status":"open","sticky":false,"template":"","format":"standard","meta":{"footnotes":""},"categories":[1],"tags":[],"yst_prominent_words":[126,339,313,134],"acf":[],"_links":{"self":[{"href":"https:\/\/avicom.mini.icom.museum\/fr\/wp-json\/wp\/v2\/posts\/3279"}],"collection":[{"href":"https:\/\/avicom.mini.icom.museum\/fr\/wp-json\/wp\/v2\/posts"}],"about":[{"href":"https:\/\/avicom.mini.icom.museum\/fr\/wp-json\/wp\/v2\/types\/post"}],"author":[{"embeddable":true,"href":"https:\/\/avicom.mini.icom.museum\/fr\/wp-json\/wp\/v2\/users\/20"}],"replies":[{"embeddable":true,"href":"https:\/\/avicom.mini.icom.museum\/fr\/wp-json\/wp\/v2\/comments?post=3279"}],"version-history":[{"count":6,"href":"https:\/\/avicom.mini.icom.museum\/fr\/wp-json\/wp\/v2\/posts\/3279\/revisions"}],"predecessor-version":[{"id":3331,"href":"https:\/\/avicom.mini.icom.museum\/fr\/wp-json\/wp\/v2\/posts\/3279\/revisions\/3331"}],"wp:attachment":[{"href":"https:\/\/avicom.mini.icom.museum\/fr\/wp-json\/wp\/v2\/media?parent=3279"}],"wp:term":[{"taxonomy":"category","embeddable":true,"href":"https:\/\/avicom.mini.icom.museum\/fr\/wp-json\/wp\/v2\/categories?post=3279"},{"taxonomy":"post_tag","embeddable":true,"href":"https:\/\/avicom.mini.icom.museum\/fr\/wp-json\/wp\/v2\/tags?post=3279"},{"taxonomy":"yst_prominent_words","embeddable":true,"href":"https:\/\/avicom.mini.icom.museum\/fr\/wp-json\/wp\/v2\/yst_prominent_words?post=3279"}],"curies":[{"name":"wp","href":"https:\/\/api.w.org\/{rel}","templated":true}]}}