{"id":5149,"date":"2024-09-02T13:25:40","date_gmt":"2024-09-02T13:25:40","guid":{"rendered":"https:\/\/avicom.mini.icom.museum\/?p=5149"},"modified":"2024-09-02T13:25:40","modified_gmt":"2024-09-02T13:25:40","slug":"invitation-a-lassemblee-generale-davicom-le-18-octobre-2024-a-turin","status":"publish","type":"post","link":"https:\/\/avicom.mini.icom.museum\/fr\/invitation-a-lassemblee-generale-davicom-le-18-octobre-2024-a-turin\/","title":{"rendered":"Invitation \u00e0 l&#8217;Assembl\u00e9e g\u00e9n\u00e9rale d&#8217;AVICOM, le 18 octobre 2024 \u00e0 Turin"},"content":{"rendered":"<p>Chers membres d&#8217;AVICOM,<\/p>\n<p>j&#8217;ai le plaisir de vous inviter chaleureusement \u00e0 l&#8217;Assembl\u00e9e g\u00e9n\u00e9rale annuelle d&#8217;AVICOM (hybride), qui se tiendra dans le cadre de notre congr\u00e8s annuel.<\/p>\n<p>Si vous souhaitez participer en ligne, veuillez envoyer un message \u00e0 notre secr\u00e9taire g\u00e9n\u00e9rale, Anna Maria Marras : <a href=\"mailto:secretary.avicom@icom.museum\" rel=\"noopener\">secretary.avicom@icom.museum<\/a>.<\/p>\n<p><a href=\"https:\/\/avicom.mini.icom.museum\/wp-content\/uploads\/sites\/3\/2024\/09\/Invitation-AVICOM-GA-2024.pdf\">Invitation AVICOM-GA-2024<\/a><\/p>\n","protected":false},"excerpt":{"rendered":"<p>Chers membres d&#8217;AVICOM, j&#8217;ai le plaisir de vous inviter chaleureusement \u00e0 l&#8217;Assembl\u00e9e g\u00e9n\u00e9rale annuelle d&#8217;AVICOM (hybride), qui se tiendra dans le cadre de notre congr\u00e8s annuel. Si vous souhaitez participer en ligne, veuillez envoyer un message \u00e0 notre secr\u00e9taire g\u00e9n\u00e9rale, Anna Maria Marras : secretary.avicom@icom.museum. Invitation AVICOM-GA-2024<\/p>\n","protected":false},"author":20,"featured_media":0,"comment_status":"open","ping_status":"open","sticky":false,"template":"","format":"standard","meta":{"footnotes":""},"categories":[183],"tags":[],"yst_prominent_words":[347,130,189,128,1146],"acf":[],"_links":{"self":[{"href":"https:\/\/avicom.mini.icom.museum\/fr\/wp-json\/wp\/v2\/posts\/5149"}],"collection":[{"href":"https:\/\/avicom.mini.icom.museum\/fr\/wp-json\/wp\/v2\/posts"}],"about":[{"href":"https:\/\/avicom.mini.icom.museum\/fr\/wp-json\/wp\/v2\/types\/post"}],"author":[{"embeddable":true,"href":"https:\/\/avicom.mini.icom.museum\/fr\/wp-json\/wp\/v2\/users\/20"}],"replies":[{"embeddable":true,"href":"https:\/\/avicom.mini.icom.museum\/fr\/wp-json\/wp\/v2\/comments?post=5149"}],"version-history":[{"count":1,"href":"https:\/\/avicom.mini.icom.museum\/fr\/wp-json\/wp\/v2\/posts\/5149\/revisions"}],"predecessor-version":[{"id":5150,"href":"https:\/\/avicom.mini.icom.museum\/fr\/wp-json\/wp\/v2\/posts\/5149\/revisions\/5150"}],"wp:attachment":[{"href":"https:\/\/avicom.mini.icom.museum\/fr\/wp-json\/wp\/v2\/media?parent=5149"}],"wp:term":[{"taxonomy":"category","embeddable":true,"href":"https:\/\/avicom.mini.icom.museum\/fr\/wp-json\/wp\/v2\/categories?post=5149"},{"taxonomy":"post_tag","embeddable":true,"href":"https:\/\/avicom.mini.icom.museum\/fr\/wp-json\/wp\/v2\/tags?post=5149"},{"taxonomy":"yst_prominent_words","embeddable":true,"href":"https:\/\/avicom.mini.icom.museum\/fr\/wp-json\/wp\/v2\/yst_prominent_words?post=5149"}],"curies":[{"name":"wp","href":"https:\/\/api.w.org\/{rel}","templated":true}]}}