{"id":5294,"date":"2025-03-14T11:58:10","date_gmt":"2025-03-14T11:58:10","guid":{"rendered":"https:\/\/avicom.mini.icom.museum\/?p=5294"},"modified":"2025-03-14T11:58:10","modified_gmt":"2025-03-14T11:58:10","slug":"webinaire-commun-social-media-de-mpr-et-avicom-experts-recherches","status":"publish","type":"post","link":"https:\/\/avicom.mini.icom.museum\/fr\/webinaire-commun-social-media-de-mpr-et-avicom-experts-recherches\/","title":{"rendered":"Webinaire commun &#8220;Social Media&#8221; de MPR et AVICOM : Experts recherch\u00e9s."},"content":{"rendered":"<p class=\"western\" align=\"left\">Les comit\u00e9s internationaux MPR et AVICOM pr\u00e9voient un webinaire sur le th\u00e8me des \u00ab r\u00e9seaux sociaux \u00bb en pr\u00e9paration de leur session conjointe lors de la Conf\u00e9rence g\u00e9n\u00e9rale de l&#8217;ICOM \u00e0 Duba\u00ef. Ce webinaire se tiendra cet \u00e9t\u00e9. Il abordera des questions relatives \u00e0 l&#8217;utilisation efficace, durable et inclusive des r\u00e9seaux sociaux par les mus\u00e9es, ainsi qu\u2019aux aspects juridiques et \u00e9thiques. Un petit groupe de travail est en cours de formation pour pr\u00e9parer et organiser ce webinaire. Si vous avez une expertise acad\u00e9mique sur l&#8217;utilisation des r\u00e9seaux sociaux ou si vous vous consid\u00e9rez comme un expert dans ce domaine et souhaitez contribuer b\u00e9n\u00e9volement \u00e0 ce groupe de travail, veuillez \u00e9crire \u00e0 <span style=\"color: #000080\"><span lang=\"zxx\"><u><a href=\"mailto:avicom@icom.museum\">avicom@icom.museum<\/a><\/u><\/span><\/span>. Merci !<\/p>\n<p align=\"left\"><img decoding=\"async\" loading=\"lazy\" class=\"alignnone size-medium wp-image-5290\" src=\"https:\/\/avicom.mini.icom.museum\/wp-content\/uploads\/sites\/3\/2025\/03\/67c7c93f-7a40-4fa8-a6ee-36bd554224b2-300x154.png\" alt=\"\" width=\"300\" height=\"154\" srcset=\"https:\/\/avicom.mini.icom.museum\/wp-content\/uploads\/sites\/3\/2025\/03\/67c7c93f-7a40-4fa8-a6ee-36bd554224b2-300x154.png 300w, https:\/\/avicom.mini.icom.museum\/wp-content\/uploads\/sites\/3\/2025\/03\/67c7c93f-7a40-4fa8-a6ee-36bd554224b2-1024x525.png 1024w, https:\/\/avicom.mini.icom.museum\/wp-content\/uploads\/sites\/3\/2025\/03\/67c7c93f-7a40-4fa8-a6ee-36bd554224b2-768x394.png 768w, https:\/\/avicom.mini.icom.museum\/wp-content\/uploads\/sites\/3\/2025\/03\/67c7c93f-7a40-4fa8-a6ee-36bd554224b2-1536x787.png 1536w, https:\/\/avicom.mini.icom.museum\/wp-content\/uploads\/sites\/3\/2025\/03\/67c7c93f-7a40-4fa8-a6ee-36bd554224b2.png 1580w\" sizes=\"(max-width: 300px) 100vw, 300px\" \/><\/p>\n","protected":false},"excerpt":{"rendered":"<p>Les comit\u00e9s internationaux MPR et AVICOM pr\u00e9voient un webinaire sur le th\u00e8me des \u00ab r\u00e9seaux sociaux \u00bb en pr\u00e9paration de leur session conjointe lors de la Conf\u00e9rence g\u00e9n\u00e9rale de l&#8217;ICOM \u00e0 Duba\u00ef. Ce webinaire se tiendra cet \u00e9t\u00e9. Il abordera des questions relatives \u00e0 l&#8217;utilisation efficace, durable et inclusive des r\u00e9seaux sociaux par les mus\u00e9es, [&hellip;]<\/p>\n","protected":false},"author":20,"featured_media":5290,"comment_status":"open","ping_status":"open","sticky":false,"template":"","format":"standard","meta":{"footnotes":""},"categories":[181],"tags":[],"yst_prominent_words":[130,292,131,147,129,228,311,293,1146],"acf":[],"_links":{"self":[{"href":"https:\/\/avicom.mini.icom.museum\/fr\/wp-json\/wp\/v2\/posts\/5294"}],"collection":[{"href":"https:\/\/avicom.mini.icom.museum\/fr\/wp-json\/wp\/v2\/posts"}],"about":[{"href":"https:\/\/avicom.mini.icom.museum\/fr\/wp-json\/wp\/v2\/types\/post"}],"author":[{"embeddable":true,"href":"https:\/\/avicom.mini.icom.museum\/fr\/wp-json\/wp\/v2\/users\/20"}],"replies":[{"embeddable":true,"href":"https:\/\/avicom.mini.icom.museum\/fr\/wp-json\/wp\/v2\/comments?post=5294"}],"version-history":[{"count":1,"href":"https:\/\/avicom.mini.icom.museum\/fr\/wp-json\/wp\/v2\/posts\/5294\/revisions"}],"predecessor-version":[{"id":5295,"href":"https:\/\/avicom.mini.icom.museum\/fr\/wp-json\/wp\/v2\/posts\/5294\/revisions\/5295"}],"wp:featuredmedia":[{"embeddable":true,"href":"https:\/\/avicom.mini.icom.museum\/fr\/wp-json\/wp\/v2\/media\/5290"}],"wp:attachment":[{"href":"https:\/\/avicom.mini.icom.museum\/fr\/wp-json\/wp\/v2\/media?parent=5294"}],"wp:term":[{"taxonomy":"category","embeddable":true,"href":"https:\/\/avicom.mini.icom.museum\/fr\/wp-json\/wp\/v2\/categories?post=5294"},{"taxonomy":"post_tag","embeddable":true,"href":"https:\/\/avicom.mini.icom.museum\/fr\/wp-json\/wp\/v2\/tags?post=5294"},{"taxonomy":"yst_prominent_words","embeddable":true,"href":"https:\/\/avicom.mini.icom.museum\/fr\/wp-json\/wp\/v2\/yst_prominent_words?post=5294"}],"curies":[{"name":"wp","href":"https:\/\/api.w.org\/{rel}","templated":true}]}}